{"id":1718,"date":"2025-01-10T09:00:00","date_gmt":"2025-01-10T08:00:00","guid":{"rendered":"https:\/\/alabsport.pl\/blog\/?p=1718"},"modified":"2025-01-08T09:21:19","modified_gmt":"2025-01-08T08:21:19","slug":"przeziebienie-i-grypa-a-sport","status":"publish","type":"post","link":"https:\/\/alabsport.pl\/blog\/przeziebienie-i-grypa-a-sport\/","title":{"rendered":"Przezi\u0119bienie i grypa a sport. Kiedy lepiej zrezygnowa\u0107 z aktywno\u015bci\u00a0"},"content":{"rendered":"\n<p>Regularna aktywno\u015b\u0107 fizyczna jest jednym z czynnik\u00f3w, kt\u00f3re pozwalaj\u0105 zmniejszy\u0107 ryzyko wyst\u0119powania ostrych infekcji dr\u00f3g oddechowych (z ang. <em>acute respiratory infections<\/em>, ARIs). Ten pozytywny wp\u0142yw ruchu na uk\u0142ad odporno\u015bciowy jest znany od lat, jednak problem wci\u0105\u017c stanowi kwestia zasadno\u015bci kontynuowania trening\u00f3w w przebiegu m.in. przezi\u0119bienia i grypy \u2013 chor\u00f3b zaliczanych do powy\u017cszej grupy. Przeczytaj poni\u017cszy tekst i dowiedz si\u0119, w jakich sytuacjach warto kontynuowa\u0107 aktywno\u015b\u0107 fizyczn\u0105, a kiedy nale\u017cy z niej zrezygnowa\u0107.&nbsp;<\/p>\n\n\n\n<p><strong>Spis tre\u015bci:<\/strong><\/p>\n\n\n\n<ol class=\"wp-block-list\">\n<li><a href=\"#wadyizalety\">Czy \u0107wiczy\u0107 podczas przezi\u0119bienia? Wady i zalety aktywno\u015bci fizycznej podczas choroby<\/a><\/li>\n\n\n\n<li><a href=\"#silownia\">Przezi\u0119bienie a si\u0142ownia \u2013 kiedy wykona\u0107 trening si\u0142owy i o czym pami\u0119ta\u0107?<\/a><\/li>\n\n\n\n<li><a href=\"#basen\">Czy z katarem lub kaszlem mo\u017cna i\u015b\u0107 na basen?<\/a><\/li>\n\n\n\n<li><a href=\"#bieganie\">Przezi\u0119bienie a bieganie \u2013 kiedy zrezygnowa\u0107 z aktywno\u015bci?<\/a><\/li>\n\n\n\n<li><a href=\"#grypa\">Grypa a wysi\u0142ek fizyczny. Jakie \u0107wiczenia wykonywa\u0107 w trakcie choroby?<\/a><\/li>\n\n\n\n<li><a href=\"#powrotdotreningow\">Kiedy mo\u017cna wr\u00f3ci\u0107 do trening\u00f3w po chorobie?<\/a><\/li>\n<\/ol>\n\n\n\n<h2 class=\"wp-block-heading\" id=\"wadyizalety\"><strong>Czy \u0107wiczy\u0107 podczas przezi\u0119bienia? Wady i zalety aktywno\u015bci fizycznej podczas choroby<\/strong>\u00a0<\/h2>\n\n\n\n<p>Przezi\u0119bienia powszechnie wyst\u0119puj\u0105 w sezonie jesienno-zimowym, a ich obecno\u015b\u0107 jest cz\u0119st\u0105 przyczyn\u0105 rezygnacji z trening\u00f3w. Te wywo\u0142ywane przez wirusy choroby zaka\u017ane g\u00f3rnych dr\u00f3g oddechowych z regu\u0142y przebiegaj\u0105 z towarzysz\u0105cymi objawami kaszlu, b\u00f3lu gard\u0142a i nie\u017cytu nosa, a powy\u017csze symptomy ust\u0119puj\u0105 najcz\u0119\u015bciej w przeci\u0105gu 3-7 dni. U os\u00f3b niewytrenowanych ka\u017cdy rodzaj aktywno\u015bci fizycznej stanowi form\u0119 obci\u0105\u017cenia dla organizmu \u2013 podczas wysi\u0142ku dochodzi bowiem do przej\u015bciowego zaburzenia wewn\u0119trznej homeostazy. <strong>Z tego powodu aktywny stan zapalny, kt\u00f3ry cz\u0119sto jest obecny w przebiegu przezi\u0119bie\u0144, mo\u017ce by\u0107 nasilany przez obci\u0105\u017caj\u0105cy trening. <\/strong>Skutkiem tego nierzadko jest zaburzenie proces\u00f3w regeneracji, pogorszenie samopoczucia i wyd\u0142u\u017cenie czasu rekonwalescencji.&nbsp;<\/p>\n\n\n\n<p>Inaczej jest w przypadku organizm\u00f3w przystosowanych do regularnych trening\u00f3w. Lekka aktywno\u015b\u0107 fizyczna przyspiesza procesy regeneracyjne, dlatego jej wprowadzenie po ust\u0105pieniu g\u0142\u00f3wnych objaw\u00f3w przezi\u0119bienia mo\u017ce przynie\u015b\u0107 wymierne korzy\u015bci dla stanu zdrowia. Nale\u017cy jednak pami\u0119ta\u0107, \u017ce<strong> dotyczy to aktywno\u015bci fizycznych, kt\u00f3rych intensywno\u015b\u0107 utrzymana jest na poziomie 60-70% t\u0119tna maksymalnego.<\/strong>&nbsp;<\/p>\n\n\n\n<p>Zasadno\u015b\u0107 wykonywania \u0107wicze\u0144 i trening\u00f3w podczas zwykle \u0142agodnie przebiegaj\u0105cych infekcji wirusowych jest uzale\u017cniona od wielu czynnik\u00f3w, dlatego warto ostro\u017cnie podchodzi\u0107 do tej kwestii. Podstawowe zalecenia dotycz\u0105ce leczenia przezi\u0119bie\u0144 opieraj\u0105 si\u0119 na \u0142agodzeniu wyst\u0119puj\u0105cych objaw\u00f3w, przyjmowaniu du\u017cej ilo\u015bci p\u0142yn\u00f3w oraz odpoczynku, dlatego to w\u0142a\u015bnie te dzia\u0142ania powinny stanowi\u0107 priorytet w procesie powrotu do zdrowia.&nbsp;<\/p>\n\n\n\n<p>Przeczytaj tak\u017ce: <a href=\"https:\/\/alabsport.pl\/blog\/regularne-treningi-a-odpornosc\/\" target=\"_blank\" rel=\"noreferrer noopener\">Czy regularne treningi chroni\u0105 przed zachorowaniem na gryp\u0119 i przezi\u0119bienie?<\/a>&nbsp;<\/p>\n\n\n\n<h2 class=\"wp-block-heading\" id=\"silownia\"><strong>Przezi\u0119bienie a si\u0142ownia \u2013 kiedy wykona\u0107 trening si\u0142owy i o czym pami\u0119ta\u0107?<\/strong>\u00a0<\/h2>\n\n\n\n<p>Podobne za\u0142o\u017cenia dotycz\u0105 wykonywania trening\u00f3w si\u0142owych podczas przezi\u0119bienia. Wizyta na si\u0142owni nie jest w\u00f3wczas dobrym pomys\u0142em ze wzgl\u0119du na zaka\u017any charakter infekcji dr\u00f3g oddechowych. <strong>Ryzyko zara\u017cenia os\u00f3b postronnych wirusem wywo\u0142uj\u0105cym przezi\u0119bienie jest najwy\u017csze w pierwszych trzech dobach trwania infekcji.<\/strong> Odpowiedzialnym dzia\u0142aniem jest zatem unikni\u0119cie nara\u017cenia na zachorowanie pozosta\u0142ych os\u00f3b odwiedzaj\u0105cych si\u0142owni\u0119.\u00a0<\/p>\n\n\n\n<p>\u0106wiczenia wykonywane w domu nie s\u0105 obarczone tym ryzykiem, jednak w ich kontek\u015bcie r\u00f3wnie\u017c nale\u017cy definitywnie powstrzyma\u0107 si\u0119 od wysi\u0142ku si\u0142owego w przypadku obecno\u015bci podwy\u017cszonej temperatury cia\u0142a lub og\u00f3lnego z\u0142ego samopoczucia. Jest to istotne z tego powodu, \u017ce intensywny trening si\u0142owy mo\u017ce nasili\u0107 obecne objawy, a tak\u017ce skutkowa\u0107 konsekwencjami w postaci rozwini\u0119cia si\u0119 powik\u0142a\u0144 przezi\u0119bienia. <strong>Powr\u00f3t na si\u0142owni\u0119 warto rozwa\u017cy\u0107 dopiero wtedy, gdy od momentu wyst\u0105pienia pierwszych objaw\u00f3w min\u0119\u0142o 3-5 dni, a obecne symptomy maj\u0105 charakter stopniowo ust\u0119puj\u0105cy.<\/strong> Nale\u017cy jednak pami\u0119ta\u0107 o tym, \u017ce wznowienie trening\u00f3w si\u0142owych po okresie zachorowania powinno charakteryzowa\u0107 si\u0119 zredukowaniem obci\u0105\u017ce\u0144 o oko\u0142o 30% wzgl\u0119dem typowego wysi\u0142ku fizycznego.&nbsp;<\/p>\n\n\n\n<p>Podniesione t\u0119tno podczas infekcji jest naturalnym mechanizmem obronnym mog\u0105cym wynika\u0107 z gor\u0105czki, stanu zapalnego, stresu dla organizmu. Powr\u00f3t do pe\u0142nego treningu mo\u017cemy rozwa\u017cy\u0107 dopiero wtedy, gdy t\u0119tno podczas \u0107wicze\u0144 nie wzrasta powy\u017cej normalnych warto\u015bci dla danego obci\u0105\u017cenia treningowego.&nbsp;<\/p>\n\n\n\n<h2 class=\"wp-block-heading\" id=\"basen\"><strong>Czy z katarem lub kaszlem mo\u017cna i\u015b\u0107 na basen?<\/strong>\u00a0<\/h2>\n\n\n\n<p><a href=\"https:\/\/alabsport.pl\/blog\/co-daje-plywanie\/\">P\u0142ywanie na basenie<\/a> jest znakomit\u0105 form\u0105 aktywno\u015bci w okresie jesienno-zimowym, jednak najch\u0142odniejsze miesi\u0105ce w roku s\u0105 nieod\u0142\u0105cznie powi\u0105zane z infekcjami. Silny kaszel i katar, podwy\u017cszona temperatura cia\u0142a, b\u00f3le mi\u0119\u015bniowo-stawowe, og\u00f3lne z\u0142e samopoczucie oraz ryzyko ponownej infekcji uszu i zatok obocznych nosa wymagaj\u0105 zrezygnowania r\u00f3wnie\u017c z tej formy wysi\u0142ku fizycznego w trakcie rekonwalescencji. Treningi p\u0142ywackie o ma\u0142ej intensywno\u015bci mog\u0105 wp\u0142ywa\u0107 w spos\u00f3b stymuluj\u0105cy na odpowied\u017a immunologiczn\u0105 organizmu, jednak ze wzgl\u0119d\u00f3w sanitarnych i ryzyko ponownego zachorowania taka forma aktywno\u015bci nie jest zalecana w przebiegu przezi\u0119bie\u0144.\u00a0<\/p>\n\n\n\n<p>Zobacz artyku\u0142 na naszym blogu: <a href=\"https:\/\/alabsport.pl\/blog\/sport-dla-seniorow\/\" target=\"_blank\" rel=\"noreferrer noopener\">Sport dla senior\u00f3w \u2013 jak wybra\u0107 odpowiedni\u0105 aktywno\u015b\u0107 fizyczn\u0105?<\/a>&nbsp;<\/p>\n\n\n\n<p><strong>Powr\u00f3t do p\u0142ywania powinien nast\u0105pi\u0107 dopiero w\u00f3wczas, gdy kaszel i katar ca\u0142kowicie ustan\u0105.<\/strong> Baseny s\u0105 miejscami o charakterze publicznym, dlatego ka\u017cda osoba korzystaj\u0105ca z nich powinna do minimum ograniczy\u0107 ryzyko rozprzestrzeniania si\u0119 wirus\u00f3w.&nbsp;<\/p>\n\n\n\n<h2 class=\"wp-block-heading\" id=\"bieganie\"><strong>Przezi\u0119bienie a bieganie \u2013 kiedy zrezygnowa\u0107 z aktywno\u015bci?<\/strong>\u00a0<\/h2>\n\n\n\n<p>Rezygnacja z <a href=\"https:\/\/alabsport.pl\/blog\/trening-silowy-i-bieganie\/\">trening\u00f3w biegowych<\/a> jest wskazana podczas pierwszych faz przezi\u0119bienia. Forsowne treningi aerobowe oraz interwa\u0142y nale\u017cy odpu\u015bci\u0107 zawsze wtedy, gdy aktualnie wyst\u0119puje m.in. silny kaszel, stan podgor\u0105czkowy, b\u00f3le mi\u0119\u015bniowo-stawowe, podwy\u017cszone t\u0119tno. <strong>Bieganie warto od\u0142o\u017cy\u0107 w czasie r\u00f3wnie\u017c w momencie, kiedy obecne jest znaczne pogorszenie samopoczucia, kt\u00f3re mo\u017ce wskazywa\u0107 na dopiero rozwijaj\u0105c\u0105 si\u0119 infekcj\u0119.<\/strong>\u00a0<\/p>\n\n\n\n<p>Wznowienie trening\u00f3w powinno mie\u0107 miejsce dopiero wtedy, gdy cz\u0119\u015b\u0107 symptom\u00f3w ust\u0105pi, a jedynymi odczuwanymi objawami przezi\u0119bienia b\u0119d\u0105 np. lekki kaszel lub katar. W kontek\u015bcie powrotu biegania po infekcji istotne jest r\u00f3wnie\u017c dostosowanie obci\u0105\u017ce\u0144 treningowych do aktualnych mo\u017cliwo\u015bci organizmu. Warto w\u00f3wczas zrezygnowa\u0107 z d\u0142ugich bieg\u00f3w oraz narzucania szybkiego tempa \u2013 zamiast tego znacznie korzystniejsze b\u0119dzie utrzymanie intensywno\u015bci treningu na poziomie drugiej strefy t\u0119tna maksymalnego (60-70% warto\u015bci HRmax).&nbsp;<\/p>\n\n\n\n<p>Sprawd\u017a r\u00f3wnie\u017c: <a href=\"https:\/\/alabsport.pl\/blog\/trening-cardio\/\" target=\"_blank\" rel=\"noreferrer noopener\">Trening cardio \u2013 na czym polega trening wytrzyma\u0142o\u015bciowy i jakie daje efekty?<\/a>&nbsp;<\/p>\n\n\n\n<h2 class=\"wp-block-heading\" id=\"grypa\"><strong>Grypa a wysi\u0142ek fizyczny. Jakie \u0107wiczenia wykonywa\u0107 w trakcie choroby?<\/strong>\u00a0<\/h2>\n\n\n\n<p>Grypa jest ostr\u0105 chorob\u0105 zaka\u017an\u0105 uk\u0142adu oddechowego, w trakcie trwania kt\u00f3rej <strong>nie nale\u017cy wykonywa\u0107 \u0107wicze\u0144 fizycznych.<\/strong> Od regu\u0142y tej nie ma odst\u0119pstw, poniewa\u017c ta powa\u017cna choroba cz\u0119sto przebiega wraz z obecno\u015bci\u0105 takich objaw\u00f3w, jak np.:&nbsp;<\/p>\n\n\n\n<ul class=\"wp-block-list\">\n<li>zm\u0119czenie,\u00a0<\/li>\n<\/ul>\n\n\n\n<ul class=\"wp-block-list\">\n<li>b\u00f3le g\u0142owy,\u00a0<\/li>\n<\/ul>\n\n\n\n<ul class=\"wp-block-list\">\n<li>b\u00f3le mi\u0119\u015bniowo-stawowe,\u00a0<\/li>\n<\/ul>\n\n\n\n<ul class=\"wp-block-list\">\n<li>gor\u0105czka,\u00a0<\/li>\n<\/ul>\n\n\n\n<ul class=\"wp-block-list\">\n<li>dreszcze,\u00a0<\/li>\n<\/ul>\n\n\n\n<ul class=\"wp-block-list\">\n<li>kaszel,\u00a0<\/li>\n<\/ul>\n\n\n\n<ul class=\"wp-block-list\">\n<li>nie\u017cyt nosa,\u00a0<\/li>\n<\/ul>\n\n\n\n<ul class=\"wp-block-list\">\n<li>uczucie og\u00f3lnego zm\u0119czenia.\u00a0<\/li>\n<\/ul>\n\n\n\n<p>Grypie mog\u0105 towarzyszy\u0107 gro\u017ane powik\u0142ania, w\u015br\u00f3d kt\u00f3rych wyr\u00f3\u017cnia si\u0119 m.in. zapalenia p\u0142uc, mi\u0119\u015bnia sercowego lub opon m\u00f3zgowych, dlatego tak istotne znaczenie ma jak najszybsze wyzdrowienie. <strong>Powr\u00f3t do \u0107wicze\u0144 i aktywno\u015bci fizycznej powinien mie\u0107 miejsce dopiero po przebyciu choroby.<\/strong>&nbsp;<\/p>\n\n\n\n<h2 class=\"wp-block-heading\" id=\"powrotdotreningow\"><strong>Kiedy mo\u017cna wr\u00f3ci\u0107 do trening\u00f3w po chorobie?<\/strong>\u00a0<\/h2>\n\n\n\n<p>Jednoznaczne okre\u015blenie odpowiedniego momentu powrotu do trening\u00f3w oraz ocena bezpiecze\u0144stwa kontynuowania aktywno\u015bci fizycznej w przebiegu przezi\u0119bie\u0144 s\u0105 niezwykle trudnymi zadaniami. W \u015brodowisku os\u00f3b trenuj\u0105cych du\u017c\u0105 popularno\u015bci\u0105 cieszy si\u0119 tzw. teoria szyi autorstwa Davida Niemana. Wed\u0142ug tej zasady objawy zlokalizowane poni\u017cej szyi (np. duszno\u015bci, gor\u0105czka, b\u00f3le w klatce piersiowej) s\u0105 przeciwwskazaniem do aktywno\u015bci fizycznej, natomiast symptomy objawiaj\u0105ce si\u0119 powy\u017cej szyi (np. zatkany nos, kichanie) nie wymagaj\u0105 zaprzestawania trening\u00f3w. Nale\u017cy jednak pami\u0119ta\u0107 o tym, \u017ce <strong>teoria ta nie znajduje pe\u0142nego poparcia w \u015brodowisku medycznym<\/strong>, a jej przeciwnicy wskazuj\u0105 na du\u017ce uproszczenie przedstawionych w ten spos\u00f3b za\u0142o\u017ce\u0144.&nbsp;<\/p>\n\n\n\n<p>Ka\u017cdorazowe pogorszenie stanu zdrowia w wyniku infekcji wirusowej wymaga indywidualnego rozpatrzenia kwestii bezpiecze\u0144stwa kontynuowania trening\u00f3w. Warto pami\u0119ta\u0107 o tym, \u017ce metody leczenia chor\u00f3b, takich jak np. grypa i przezi\u0119bienie, opieraj\u0105 si\u0119 g\u0142\u00f3wnie na za\u0142o\u017ceniach \u0142agodzenia obecnych objaw\u00f3w i wspierania proces\u00f3w regeneracji poprzez odpoczynek.&nbsp;&nbsp;<\/p>\n\n\n\n<p><strong>Zbyt szybki powr\u00f3t do trening\u00f3w mo\u017ce wi\u0105za\u0107 si\u0119 z negatywnymi konsekwencjami takiego dzia\u0142ania, dlatego<\/strong> <strong>przed podj\u0119ciem decyzji o wznowieniu \u0107wicze\u0144 zaleca si\u0119 wykonanie prostych bada\u0144 laboratoryjnych (m.in. morfologii, OB, CRP oraz witaminy D), kt\u00f3re pozwalaj\u0105 uzyska\u0107 pogl\u0105d na aktualny stan zdrowia po przebytym zaka\u017ceniu wirusowym.<\/strong>&nbsp;<\/p>\n\n\n\n<figure class=\"wp-block-image size-full\"><a href=\"https:\/\/alabsport.pl\/pakiety\"><img loading=\"lazy\" decoding=\"async\" width=\"980\" height=\"382\" src=\"https:\/\/alabsport.pl\/blog\/wp-content\/uploads\/2024\/03\/baner_alab_sport_wybierz_swoj_pakiet-jpg.webp\" alt=\"wybierz sw\u00f3j pakiet baner alab sport\" class=\"wp-image-806\" srcset=\"https:\/\/alabsport.pl\/blog\/wp-content\/uploads\/2024\/03\/baner_alab_sport_wybierz_swoj_pakiet-jpg.webp 980w, https:\/\/alabsport.pl\/blog\/wp-content\/uploads\/2024\/03\/baner_alab_sport_wybierz_swoj_pakiet-300x117.webp 300w, https:\/\/alabsport.pl\/blog\/wp-content\/uploads\/2024\/03\/baner_alab_sport_wybierz_swoj_pakiet-768x299.webp 768w\" sizes=\"auto, (max-width: 980px) 100vw, 980px\" \/><\/a><\/figure>\n\n\n\n<p class=\"has-text-align-right\"><strong>opieka merytoryczna: lek. Kacper Staniszewski<\/strong><\/p>\n\n\n\n<h4 class=\"wp-block-heading\"><strong>Bibliografia:<\/strong>&nbsp;<\/h4>\n\n\n\n<ol start=\"1\" class=\"wp-block-list\">\n<li>Nieman DC, Sakaguchi CA. Physical activity lowers the risk for acute respiratory infections: Time for recognition. Journal of Sport and Health Science. 2022 Aug;11(6).\u00a0<\/li>\n<\/ol>\n\n\n\n<ol start=\"2\" class=\"wp-block-list\">\n<li>Eccles R. Common cold. Frontiers in Allergy [Internet]. 2023 Jun 22;4(4):1224988.\u00a0<\/li>\n<\/ol>\n\n\n\n<ol start=\"3\" class=\"wp-block-list\">\n<li>Nieman DC. Current Perspective on Exercise Immunology. Current Sports Medicine Reports. 2003 Oct;2(5):239\u201342.\u00a0<\/li>\n<\/ol>\n\n\n\n<p><\/p>\n","protected":false},"excerpt":{"rendered":"<p>Jesieni\u0105 i zim\u0105 treningi mog\u0105 by\u0107 utrudnione przez przezi\u0119bienie czy gryp\u0119. Dowiedz si\u0119, jak te infekcje wp\u0142ywaj\u0105 na aktywno\u015b\u0107 fizyczn\u0105 i czy mo\u017cesz \u0107wiczy\u0107 podczas choroby!<\/p>\n","protected":false},"author":22,"featured_media":1719,"comment_status":"closed","ping_status":"closed","sticky":false,"template":"","format":"standard","meta":{"footnotes":""},"categories":[12],"tags":[],"class_list":["post-1718","post","type-post","status-publish","format-standard","has-post-thumbnail","hentry","category-porady-sportowe"],"yoast_head":"<!-- This site is optimized with the Yoast SEO plugin v27.2 - https:\/\/yoast.com\/product\/yoast-seo-wordpress\/ -->\n<title>Aktywno\u015b\u0107 fizyczna przy przezi\u0119bieniu i grypie | ALAB sport<\/title>\n<meta name=\"description\" content=\"Przezi\u0119bienie i grypa to sezonowe infekcje, kt\u00f3re os\u0142abiaj\u0105 organizm. Sprawd\u017a, czy mo\u017cesz trenowa\u0107 mimo choroby.\" \/>\n<meta name=\"robots\" content=\"index, follow, max-snippet:-1, max-image-preview:large, max-video-preview:-1\" \/>\n<link rel=\"canonical\" href=\"https:\/\/alabsport.pl\/blog\/przeziebienie-i-grypa-a-sport\/\" \/>\n<meta property=\"og:locale\" content=\"pl_PL\" \/>\n<meta property=\"og:type\" content=\"article\" \/>\n<meta property=\"og:title\" content=\"Aktywno\u015b\u0107 fizyczna przy przezi\u0119bieniu i grypie | ALAB sport\" \/>\n<meta property=\"og:description\" content=\"Przezi\u0119bienie i grypa to sezonowe infekcje, kt\u00f3re os\u0142abiaj\u0105 organizm. Sprawd\u017a, czy mo\u017cesz trenowa\u0107 mimo choroby.\" \/>\n<meta property=\"og:url\" content=\"https:\/\/alabsport.pl\/blog\/przeziebienie-i-grypa-a-sport\/\" \/>\n<meta property=\"og:site_name\" content=\"ALAB sport\" \/>\n<meta property=\"article:published_time\" content=\"2025-01-10T08:00:00+00:00\" \/>\n<meta property=\"og:image\" content=\"https:\/\/alabsport.pl\/blog\/wp-content\/uploads\/2025\/01\/przeziebienieigrypaasport.jpg\" \/>\n\t<meta property=\"og:image:width\" content=\"980\" \/>\n\t<meta property=\"og:image:height\" content=\"382\" \/>\n\t<meta property=\"og:image:type\" content=\"image\/jpeg\" \/>\n<meta name=\"author\" content=\"Pawe\u0142 Kumi\u0119ga\" \/>\n<meta name=\"twitter:card\" content=\"summary_large_image\" \/>\n<meta name=\"twitter:label1\" content=\"Napisane przez\" \/>\n\t<meta name=\"twitter:data1\" content=\"Pawe\u0142 Kumi\u0119ga\" \/>\n\t<meta name=\"twitter:label2\" content=\"Szacowany czas czytania\" \/>\n\t<meta name=\"twitter:data2\" content=\"8 minut\" \/>\n<script type=\"application\/ld+json\" class=\"yoast-schema-graph\">{\"@context\":\"https:\/\/schema.org\",\"@graph\":[{\"@type\":\"Article\",\"@id\":\"https:\/\/alabsport.pl\/blog\/przeziebienie-i-grypa-a-sport\/#article\",\"isPartOf\":{\"@id\":\"https:\/\/alabsport.pl\/blog\/przeziebienie-i-grypa-a-sport\/\"},\"author\":{\"name\":\"Pawe\u0142 Kumi\u0119ga\",\"@id\":\"https:\/\/alabsport.pl\/blog\/#\/schema\/person\/58d7c677af3f720a62344efd20bc6258\"},\"headline\":\"Przezi\u0119bienie i grypa a sport. Kiedy lepiej zrezygnowa\u0107 z aktywno\u015bci\u00a0\",\"datePublished\":\"2025-01-10T08:00:00+00:00\",\"mainEntityOfPage\":{\"@id\":\"https:\/\/alabsport.pl\/blog\/przeziebienie-i-grypa-a-sport\/\"},\"wordCount\":1512,\"publisher\":{\"@id\":\"https:\/\/alabsport.pl\/#organization\"},\"image\":{\"@id\":\"https:\/\/alabsport.pl\/blog\/przeziebienie-i-grypa-a-sport\/#primaryimage\"},\"articleSection\":[\"Porady sportowe\"],\"inLanguage\":\"pl-PL\",\"description\":\"Jesieni\u0105 i zim\u0105 treningi mog\u0105 by\u0107 utrudnione przez przezi\u0119bienie czy gryp\u0119. Dowiedz si\u0119, jak te infekcje wp\u0142ywaj\u0105 na aktywno\u015b\u0107 fizyczn\u0105 i czy mo\u017cesz \u0107wiczy\u0107 podczas choroby!\"},{\"@type\":\"WebPage\",\"@id\":\"https:\/\/alabsport.pl\/blog\/przeziebienie-i-grypa-a-sport\/\",\"url\":\"https:\/\/alabsport.pl\/blog\/przeziebienie-i-grypa-a-sport\/\",\"name\":\"Aktywno\u015b\u0107 fizyczna przy przezi\u0119bieniu i grypie | ALAB sport\",\"isPartOf\":{\"@id\":\"https:\/\/alabsport.pl\/#website\"},\"primaryImageOfPage\":{\"@id\":\"https:\/\/alabsport.pl\/blog\/przeziebienie-i-grypa-a-sport\/#primaryimage\"},\"description\":\"Jesieni\u0105 i zim\u0105 treningi mog\u0105 by\u0107 utrudnione przez przezi\u0119bienie czy gryp\u0119. Dowiedz si\u0119, jak te infekcje wp\u0142ywaj\u0105 na aktywno\u015b\u0107 fizyczn\u0105 i czy mo\u017cesz \u0107wiczy\u0107 podczas choroby!\",\"inLanguage\":\"pl-PL\"},{\"@type\":\"ImageObject\",\"inLanguage\":\"pl-PL\",\"@id\":\"https:\/\/alabsport.pl\/blog\/przeziebienie-i-grypa-a-sport\/#primaryimage\",\"url\":\"https:\/\/alabsport.pl\/blog\/wp-content\/uploads\/2025\/01\/przeziebienieigrypaasport.jpg\",\"contentUrl\":\"https:\/\/alabsport.pl\/blog\/wp-content\/uploads\/2025\/01\/przeziebienieigrypaasport.jpg\",\"width\":980,\"height\":382,\"caption\":\"Portrait of a sick man wrapped in a blanket standing isolated over beige background, holding cup with hot tea\"},{\"@type\":\"WebSite\",\"@id\":\"https:\/\/alabsport.pl\/#website\",\"url\":\"https:\/\/alabsport.pl\/\",\"name\":\"ALAB sport\",\"description\":\"Blog o zdrowiu i sporcie\",\"publisher\":{\"@id\":\"https:\/\/alabsport.pl\/#organization\"},\"inLanguage\":\"pl-PL\"},{\"@type\":\"Organization\",\"@id\":\"https:\/\/alabsport.pl\/#organization\",\"name\":\"ALAB sport\",\"url\":\"https:\/\/alabsport.pl\/\",\"logo\":{\"@type\":\"ImageObject\",\"inLanguage\":\"pl-PL\",\"@id\":\"https:\/\/alabsport.pl\/blog\/#\/schema\/logo\/image\/\",\"url\":\"https:\/\/alabsport.pl\/blog\/wp-content\/uploads\/2026\/04\/ALABsport_logo-scaled.png\",\"contentUrl\":\"https:\/\/alabsport.pl\/blog\/wp-content\/uploads\/2026\/04\/ALABsport_logo-scaled.png\",\"width\":156,\"height\":32,\"caption\":\"ALAB sport\"}},{\"@type\":\"Person\",\"@id\":\"https:\/\/alabsport.pl\/blog\/author\/pawelkumiega\/\",\"name\":\"Pawe\u0142 Kumi\u0119ga\",\"url\":\"https:\/\/alabsport.pl\/blog\/author\/pawelkumiega\/\",\"worksFor\":{\"@id\":\"https:\/\/alabsport.pl\/#organization\"},\"affiliation\":{\"@id\":\"https:\/\/alabsport.pl\/#organization\"}}]}<\/script>\n<!-- \/ Yoast SEO plugin. -->","yoast_head_json":{"title":"Aktywno\u015b\u0107 fizyczna przy przezi\u0119bieniu i grypie | ALAB sport","description":"Przezi\u0119bienie i grypa to sezonowe infekcje, kt\u00f3re os\u0142abiaj\u0105 organizm. Sprawd\u017a, czy mo\u017cesz trenowa\u0107 mimo choroby.","robots":{"index":"index","follow":"follow","max-snippet":"max-snippet:-1","max-image-preview":"max-image-preview:large","max-video-preview":"max-video-preview:-1"},"canonical":"https:\/\/alabsport.pl\/blog\/przeziebienie-i-grypa-a-sport\/","og_locale":"pl_PL","og_type":"article","og_title":"Aktywno\u015b\u0107 fizyczna przy przezi\u0119bieniu i grypie | ALAB sport","og_description":"Przezi\u0119bienie i grypa to sezonowe infekcje, kt\u00f3re os\u0142abiaj\u0105 organizm. Sprawd\u017a, czy mo\u017cesz trenowa\u0107 mimo choroby.","og_url":"https:\/\/alabsport.pl\/blog\/przeziebienie-i-grypa-a-sport\/","og_site_name":"ALAB sport","article_published_time":"2025-01-10T08:00:00+00:00","og_image":[{"width":980,"height":382,"url":"https:\/\/alabsport.pl\/blog\/wp-content\/uploads\/2025\/01\/przeziebienieigrypaasport.jpg","type":"image\/jpeg"}],"author":"Pawe\u0142 Kumi\u0119ga","twitter_card":"summary_large_image","twitter_misc":{"Napisane przez":"Pawe\u0142 Kumi\u0119ga","Szacowany czas czytania":"8 minut"},"schema":{"@context":"https:\/\/schema.org","@graph":[{"@type":"Article","@id":"https:\/\/alabsport.pl\/blog\/przeziebienie-i-grypa-a-sport\/#article","isPartOf":{"@id":"https:\/\/alabsport.pl\/blog\/przeziebienie-i-grypa-a-sport\/"},"author":{"name":"Pawe\u0142 Kumi\u0119ga","@id":"https:\/\/alabsport.pl\/blog\/#\/schema\/person\/58d7c677af3f720a62344efd20bc6258"},"headline":"Przezi\u0119bienie i grypa a sport. Kiedy lepiej zrezygnowa\u0107 z aktywno\u015bci\u00a0","datePublished":"2025-01-10T08:00:00+00:00","mainEntityOfPage":{"@id":"https:\/\/alabsport.pl\/blog\/przeziebienie-i-grypa-a-sport\/"},"wordCount":1512,"publisher":{"@id":"https:\/\/alabsport.pl\/#organization"},"image":{"@id":"https:\/\/alabsport.pl\/blog\/przeziebienie-i-grypa-a-sport\/#primaryimage"},"articleSection":["Porady sportowe"],"inLanguage":"pl-PL","description":"Jesieni\u0105 i zim\u0105 treningi mog\u0105 by\u0107 utrudnione przez przezi\u0119bienie czy gryp\u0119. Dowiedz si\u0119, jak te infekcje wp\u0142ywaj\u0105 na aktywno\u015b\u0107 fizyczn\u0105 i czy mo\u017cesz \u0107wiczy\u0107 podczas choroby!"},{"@type":"WebPage","@id":"https:\/\/alabsport.pl\/blog\/przeziebienie-i-grypa-a-sport\/","url":"https:\/\/alabsport.pl\/blog\/przeziebienie-i-grypa-a-sport\/","name":"Aktywno\u015b\u0107 fizyczna przy przezi\u0119bieniu i grypie | ALAB sport","isPartOf":{"@id":"https:\/\/alabsport.pl\/#website"},"primaryImageOfPage":{"@id":"https:\/\/alabsport.pl\/blog\/przeziebienie-i-grypa-a-sport\/#primaryimage"},"description":"Jesieni\u0105 i zim\u0105 treningi mog\u0105 by\u0107 utrudnione przez przezi\u0119bienie czy gryp\u0119. Dowiedz si\u0119, jak te infekcje wp\u0142ywaj\u0105 na aktywno\u015b\u0107 fizyczn\u0105 i czy mo\u017cesz \u0107wiczy\u0107 podczas choroby!","inLanguage":"pl-PL"},{"@type":"ImageObject","inLanguage":"pl-PL","@id":"https:\/\/alabsport.pl\/blog\/przeziebienie-i-grypa-a-sport\/#primaryimage","url":"https:\/\/alabsport.pl\/blog\/wp-content\/uploads\/2025\/01\/przeziebienieigrypaasport.jpg","contentUrl":"https:\/\/alabsport.pl\/blog\/wp-content\/uploads\/2025\/01\/przeziebienieigrypaasport.jpg","width":980,"height":382,"caption":"Portrait of a sick man wrapped in a blanket standing isolated over beige background, holding cup with hot tea"},{"@type":"WebSite","@id":"https:\/\/alabsport.pl\/#website","url":"https:\/\/alabsport.pl\/","name":"ALAB sport","description":"Blog o zdrowiu i sporcie","publisher":{"@id":"https:\/\/alabsport.pl\/#organization"},"inLanguage":"pl-PL"},{"@type":"Organization","@id":"https:\/\/alabsport.pl\/#organization","name":"ALAB sport","url":"https:\/\/alabsport.pl\/","logo":{"@type":"ImageObject","inLanguage":"pl-PL","@id":"https:\/\/alabsport.pl\/blog\/#\/schema\/logo\/image\/","url":"https:\/\/alabsport.pl\/blog\/wp-content\/uploads\/2026\/04\/ALABsport_logo-scaled.png","contentUrl":"https:\/\/alabsport.pl\/blog\/wp-content\/uploads\/2026\/04\/ALABsport_logo-scaled.png","width":156,"height":32,"caption":"ALAB sport"}},{"@type":"Person","@id":"https:\/\/alabsport.pl\/blog\/author\/pawelkumiega\/","name":"Pawe\u0142 Kumi\u0119ga","url":"https:\/\/alabsport.pl\/blog\/author\/pawelkumiega\/","worksFor":{"@id":"https:\/\/alabsport.pl\/#organization"},"affiliation":{"@id":"https:\/\/alabsport.pl\/#organization"}}]}},"_links":{"self":[{"href":"https:\/\/alabsport.pl\/blog\/wp-json\/wp\/v2\/posts\/1718","targetHints":{"allow":["GET"]}}],"collection":[{"href":"https:\/\/alabsport.pl\/blog\/wp-json\/wp\/v2\/posts"}],"about":[{"href":"https:\/\/alabsport.pl\/blog\/wp-json\/wp\/v2\/types\/post"}],"author":[{"embeddable":true,"href":"https:\/\/alabsport.pl\/blog\/wp-json\/wp\/v2\/users\/22"}],"replies":[{"embeddable":true,"href":"https:\/\/alabsport.pl\/blog\/wp-json\/wp\/v2\/comments?post=1718"}],"version-history":[{"count":2,"href":"https:\/\/alabsport.pl\/blog\/wp-json\/wp\/v2\/posts\/1718\/revisions"}],"predecessor-version":[{"id":1722,"href":"https:\/\/alabsport.pl\/blog\/wp-json\/wp\/v2\/posts\/1718\/revisions\/1722"}],"wp:featuredmedia":[{"embeddable":true,"href":"https:\/\/alabsport.pl\/blog\/wp-json\/wp\/v2\/media\/1719"}],"wp:attachment":[{"href":"https:\/\/alabsport.pl\/blog\/wp-json\/wp\/v2\/media?parent=1718"}],"wp:term":[{"taxonomy":"category","embeddable":true,"href":"https:\/\/alabsport.pl\/blog\/wp-json\/wp\/v2\/categories?post=1718"},{"taxonomy":"post_tag","embeddable":true,"href":"https:\/\/alabsport.pl\/blog\/wp-json\/wp\/v2\/tags?post=1718"}],"curies":[{"name":"wp","href":"https:\/\/api.w.org\/{rel}","templated":true}]}}