{"id":2942,"date":"2026-03-17T09:00:00","date_gmt":"2026-03-17T08:00:00","guid":{"rendered":"https:\/\/alabsport.pl\/blog\/?p=2942"},"modified":"2026-03-19T14:01:19","modified_gmt":"2026-03-19T13:01:19","slug":"trening-poranny-czyli-cwiczenia-na-poczatek-dnia-dlaczego-warto-cwiczyc-rano","status":"publish","type":"post","link":"https:\/\/alabsport.pl\/blog\/trening-poranny-czyli-cwiczenia-na-poczatek-dnia-dlaczego-warto-cwiczyc-rano\/","title":{"rendered":"Trening poranny, czyli \u0107wiczenia na pocz\u0105tek dnia. Dlaczego warto \u0107wiczy\u0107 rano?\u00a0"},"content":{"rendered":"\n<p><strong>Poranny trening to zdrowy nawyk na co dzie\u0144, gdy\u017c poprawia samopoczucie fizyczne i nastr\u00f3j, przygotowuje organizm do pracy, pomaga zachowa\u0107 energi\u0119 i dobre nastawienie w ci\u0105gu dnia. Poranne rozgrzewki budz\u0105 jednak r\u00f3wnie\u017c spory \u2013 cho\u0107 dla jednych s\u0105 podstaw\u0105 efektywno\u015bci, dla innych \u2013 stresem dla jeszcze nie do ko\u0144ca rozbudzonego organizmu. Z tego artyku\u0142u dowiesz si\u0119, komu odpowiada poranna aktywno\u015b\u0107, a kto powinien jej unika\u0107. Je\u017celi stwierdzisz, \u017ce poranny trening jest dla Ciebie \u2013 przeczytaj, jakie \u0107wiczenia mo\u017cesz wykona\u0107 i jak wprowadzi\u0107 go do swojej rutyny.<\/strong><\/p>\n\n\n\n<p><strong>Spis tre\u015bci:<\/strong><\/p>\n\n\n\n<ol class=\"wp-block-list\">\n<li><a href=\"#poranne-cwiczenia-dlaczego-warto-je-wykonywac\">Poranne \u0107wiczenia, dlaczego warto je wykonywa\u0107?<\/a><\/li>\n\n\n\n<li><a href=\"#co-daje-poranny-trening\">Co daje poranny trening?<\/a><\/li>\n\n\n\n<li><a href=\"#czy-powinno-sie-cwiczyc-zaraz-po-przebudzeniu\">Czy powinno si\u0119 \u0107wiczy\u0107 zaraz po przebudzeniu?<\/a><\/li>\n\n\n\n<li><a href=\"#ile-czasu-cwiczyc-rano\">Ile czasu \u0107wiczy\u0107 rano?<\/a><\/li>\n\n\n\n<li><a href=\"#jak-powinien-wygladac-poranny-trening\">Jak powinien wygl\u0105da\u0107 poranny trening?<\/a><\/li>\n\n\n\n<li><a href=\"#jakie-cwiczenia-wykonywac-rano\">Jakie \u0107wiczenia wykonywa\u0107 rano?<\/a><\/li>\n\n\n\n<li><a href=\"#czy-lepiej-robic-trening-rano-czy-wieczorem\">Czy lepiej robi\u0107 trening rano czy wieczorem?<\/a><\/li>\n\n\n\n<li><a href=\"#kiedy-nie-jest-dobrym-rozwiazaniem\">Poranny trening \u2013 kiedy nie jest dobrym rozwi\u0105zaniem?<\/a><\/li>\n\n\n\n<li><a href=\"#podsumowanie\">Podsumowanie<\/a><\/li>\n\n\n\n<li><a href=\"#faq\">FAQ. Dlaczego warto \u0107wiczy\u0107 rano? \u2013 cz\u0119sto zadawane pytania<\/a><\/li>\n<\/ol>\n\n\n\n<h2 class=\"wp-block-heading\" id=\"poranne-cwiczenia-dlaczego-warto-je-wykonywac\"><strong>Poranne \u0107wiczenia, dlaczego warto je wykonywa\u0107?<\/strong><\/h2>\n\n\n\n<p>Poranny trening to zdrowy nawyk, kt\u00f3ry naturalnie wpisuje si\u0119 w biologiczny rytm organizmu. Opr\u00f3cz szeregu korzy\u015bci zdrowotnych, o kt\u00f3rych przeczytasz w dalszej cz\u0119\u015bci artyku\u0142u, jego zalet\u0105 jest to, \u017ce <strong>mo\u017ce wspiera\u0107 i regulowa\u0107 rytm dobowy (sen\u2013czuwanie), u\u0142atwiaj\u0105c funkcjonowanie w ci\u0105gu dnia.<\/strong><\/p>\n\n\n\n<p><em>Badania wskazuj\u0105, \u017ce osoby o p\u00f3\u017anym chronotypie (p\u00f3\u017ano zasypiaj\u0105 i p\u00f3\u017ano wstaj\u0105, tzw. &#8222;sowy&#8221;) \u2013 kt\u00f3re cz\u0119\u015bciej maj\u0105 rozregulowany rytm dobowy \u2013 mog\u0105 skorzysta\u0107 z tego, \u017ce \u0107wiczenia wykonywane rano potrafi\u0105 przesuwa\u0107 rytm w korzystnym kierunku, sprzyjaj\u0105c wcze\u015bniejszemu zasypianiu i budzeniu si\u0119. Z kolei u os\u00f3b o wczesnym chronotypie (wcze\u015bnie zasypiaj\u0105 i wcze\u015bnie wstaj\u0105, tzw. &#8222;skowronki&#8221;) trening wieczorem mo\u017ce zaburza\u0107 ten rytm, zbyt mocno pobudzaj\u0105c organizm i op\u00f3\u017aniaj\u0105c sen, co r\u00f3wnie\u017c przemawia za wykonywaniem treningu rano.<\/em><\/p>\n\n\n\n<p>Kolejn\u0105 zalet\u0105 porannych trening\u00f3w jest to, \u017ce <strong>do \u0107wicze\u0144 o poranku wielu osobom \u0142atwiej si\u0119 zmotywowa\u0107<\/strong> \u2013 trudniej znale\u017a\u0107 wym\u00f3wk\u0119, bo to dopiero pocz\u0105tek dnia i jedna z pierwszych aktywno\u015bci.<\/p>\n\n\n\n<p>Ponadto \u0107wiczenia rano mo\u017ce wykonywa\u0107 wi\u0119kszo\u015b\u0107 os\u00f3b, o ile nie ma przeciwwskaza\u0144 zdrowotnych wymagaj\u0105cych uprzedniego uzyskania zgody specjalisty. Warto zadba\u0107 o podstawow\u0105 ocen\u0119 stanu zdrowia, wykonuj\u0105c np. <a href=\"https:\/\/alabsport.pl\/pakiety\/sportowy-ogolny\">og\u00f3lny pakiet bada\u0144 dla sportowc\u00f3w<\/a>. Je\u015bli jednak wyst\u0119puj\u0105 problemy zdrowotne, przed rozpocz\u0119ciem porannych (i innych) trening\u00f3w nale\u017cy skonsultowa\u0107 si\u0119 z lekarzem i fizjoterapeut\u0105. Taka ocena pomo\u017ce dobra\u0107 odpowiednie \u0107wiczenia i zrozumie\u0107, z kt\u00f3rych lepiej zrezygnowa\u0107. <\/p>\n\n\n\n<figure class=\"wp-block-image size-full\"><a href=\"https:\/\/alabsport.pl\/pakiety\/biegacza-x-wings-for-life-world-run-2024\"><img loading=\"lazy\" decoding=\"async\" width=\"980\" height=\"312\" src=\"https:\/\/alabsport.pl\/blog\/wp-content\/uploads\/2025\/02\/baner_alab_sport_biegacza.jpg\" alt=\"baner_alab_sport_biegacza\" class=\"wp-image-1833\" srcset=\"https:\/\/alabsport.pl\/blog\/wp-content\/uploads\/2025\/02\/baner_alab_sport_biegacza.jpg 980w, https:\/\/alabsport.pl\/blog\/wp-content\/uploads\/2025\/02\/baner_alab_sport_biegacza-300x96.jpg 300w, https:\/\/alabsport.pl\/blog\/wp-content\/uploads\/2025\/02\/baner_alab_sport_biegacza-768x245.jpg 768w\" sizes=\"auto, (max-width: 980px) 100vw, 980px\" \/><\/a><\/figure>\n\n\n\n<h2 class=\"wp-block-heading\" id=\"co-daje-poranny-trening\"><strong>Co daje poranny trening?<\/strong><\/h2>\n\n\n\n<p>Badania wskazuj\u0105 na szerokie, pozytywne dzia\u0142anie porannego treningu na organizm, w tym na odczucia subiektywne jak i obiektywne wska\u017aniki. Co do zasady, treningi o poranku:<\/p>\n\n\n\n<ul class=\"wp-block-list\">\n<li><strong>pobudzaj\u0105 metabolizm<\/strong> \u2013 s\u0105 narz\u0119dziem do przebudzenia organizmu;<\/li>\n\n\n\n<li><strong>sprzyjaj\u0105 redukcji tkanki t\u0142uszczowej<\/strong> \u2013 niekt\u00f3re badania sugeruj\u0105, \u017ce poranne \u0107wiczenia (6-8 rano) s\u0105 szczeg\u00f3lnie skuteczne w redukcji tkanki t\u0142uszczowej. W jednym z bada\u0144 zaobserwowano, \u017ce gdy uczestnicy wykonywali umiarkowany trening aerobowy rano na czczo, ich organizm spala\u0142 wi\u0119cej t\u0142uszczu podczas wysi\u0142ku i jeszcze przez ok. 4 godziny po treningu;<\/li>\n\n\n\n<li><strong>wp\u0142ywaj\u0105 korzystnie na <a href=\"https:\/\/alabsport.pl\/blog\/profil-lipidowy\/\">profil lipidowy<\/a><\/strong> \u2013 mog\u0105 sprzyja\u0107 obni\u017caniu poziomu cholesterolu i tr\u00f3jgliceryd\u00f3w;<\/li>\n\n\n\n<li><strong>poprawiaj\u0105 kr\u0105\u017cenie<\/strong>;<\/li>\n\n\n\n<li><strong>wspieraj\u0105 (a potencjalnie r\u00f3wnie\u017c poprawiaj\u0105) rytm snu i czuwania<\/strong>;<\/li>\n\n\n\n<li><strong>wzmacniaj\u0105 mi\u0119\u015bnie posturalne (\u201egorset mi\u0119\u015bniowy\u201d), rozwijaj\u0105 wytrzyma\u0142o\u015b\u0107 i si\u0142\u0119, wspieraj\u0105 stawy i kr\u0119gos\u0142up, uelastyczniaj\u0105 mi\u0119\u015bnie <\/strong>(efekt zale\u017cy od dobranych \u0107wicze\u0144);<\/li>\n\n\n\n<li><strong>poprawiaj\u0105 nastr\u00f3j, zmniejszaj\u0105 senno\u015b\u0107 i uczucie zm\u0119czenia<\/strong>. Badania wskazuj\u0105, \u017ce \u0107wiczenia mog\u0105 zwi\u0119kszy\u0107 produkcj\u0119 endorfin, kt\u00f3re s\u0105 neuroprzeka\u017anikami zwi\u0105zanymi z pozytywnym nastrojem i poczuciem dobrostanu.<\/li>\n<\/ul>\n\n\n\n<h2 class=\"wp-block-heading\" id=\"czy-powinno-sie-cwiczyc-zaraz-po-przebudzeniu\"><strong>Czy powinno si\u0119 \u0107wiczy\u0107 zaraz po przebudzeniu?<\/strong><\/h2>\n\n\n\n<p>To, po jakim czasie od przebudzenia warto rozpocz\u0105\u0107 poranny trening, zale\u017cy od kilku czynnik\u00f3w \u2013 przede wszystkim od samopoczucia (np. czy wyst\u0119puje silne uczucie g\u0142odu, os\u0142abienie, zawroty g\u0142owy, czy organizm czuje si\u0119 wyspany) oraz od planowanej intensywno\u015bci wysi\u0142ku.<\/p>\n\n\n\n<ul class=\"wp-block-list\">\n<li><strong>Lekka aktywno\u015b\u0107 (np. rozci\u0105ganie, czyli <a href=\"https:\/\/alabsport.pl\/blog\/stretching\/\">stretching<\/a>)<\/strong> \u2013 w przypadku treningu o niewielkiej intensywno\u015bci, np. rozci\u0105gania, mo\u017cna rozpocz\u0105\u0107 \u0107wiczenia ju\u017c po 10\u201315 minutach od przebudzenia.<\/li>\n\n\n\n<li><strong>Trening o \u015bredniej i wysokiej intensywno\u015bci<\/strong> \u2013 w przypadku \u0107wicze\u0144 takich jak trening si\u0142owy czy bieganie \u2013 warto odczeka\u0107 oko\u0142o 30\u201360 minut po przebudzeniu. Zazwyczaj organizm potrzebuje czasu, aby przej\u015b\u0107 ze stanu spoczynku do gotowo\u015bci wysi\u0142kowej. <\/li>\n\n\n\n<li>Nale\u017cy pami\u0119ta\u0107, \u017ce rano t\u0119tno i poziom kortyzolu s\u0105 naturalnie wy\u017csze, dlatego <strong>bardzo intensywne formy wysi\u0142ku (np. sprinty czy du\u017ce ci\u0119\u017cary) lepiej nie wykonywa\u0107 bezpo\u015brednio po przebudzeniu.<\/strong> Na pocz\u0105tku warto kontrolowa\u0107 t\u0119tno, aby dobra\u0107 odpowiedni\u0105 intensywno\u015b\u0107 treningu. Przed intensywniejszym wysi\u0142kiem konieczna jest rozgrzewka, a po zako\u0144czeniu \u2013 przej\u015bcie w faz\u0119 wyciszenia, wykonuj\u0105c \u0107wiczenia w ramach <a href=\"https:\/\/alabsport.pl\/blog\/cool-down-po-treningu\/\">cool-down<\/a>.<\/li>\n<\/ul>\n\n\n\n<h2 class=\"wp-block-heading\" id=\"ile-czasu-cwiczyc-rano\"><strong>Ile czasu \u0107wiczy\u0107 rano?<\/strong><\/h2>\n\n\n\n<p>Czas trwania treningu porannego zale\u017cy od kilku czynnik\u00f3w, w tym poziomu wytrenowania, og\u00f3lnego samopoczucia rano, efekt\u00f3w, jakie chcemy osi\u0105gn\u0105\u0107 oraz tego, czy jest to jedyna aktywno\u015b\u0107 sportowa w ci\u0105gu dnia. Og\u00f3lne wytyczne s\u0105 nast\u0119puj\u0105ce:<\/p>\n\n\n\n<ul class=\"wp-block-list\">\n<li>dla pocz\u0105tkuj\u0105cych: 15\u201325 minut,<\/li>\n\n\n\n<li>osoby bardziej zaawansowane mog\u0105 wyd\u0142u\u017ca\u0107 trening np. do 60 minut.<\/li>\n<\/ul>\n\n\n\n<h2 class=\"wp-block-heading\" id=\"jak-powinien-wygladac-poranny-trening\"><strong>Jak powinien wygl\u0105da\u0107 poranny trening?<\/strong><\/h2>\n\n\n\n<ol start=\"1\" class=\"wp-block-list\">\n<li><strong><a href=\"https:\/\/alabsport.pl\/blog\/nawadnianie-organizmu-w-sporcie\/\">Nawodnienie<\/a><\/strong>. Nie nale\u017cy zapomina\u0107 o nawodnieniu po przebudzeniu a przed rozpocz\u0119ciem treningu. W ci\u0105gu nocy organizm traci p\u0142yny (nawet do 1 litra), dlatego przed treningiem warto wypi\u0107 1\u20132 szklanki wody.<\/li>\n\n\n\n<li><strong><a href=\"https:\/\/alabsport.pl\/blog\/rozgrzewka\/\">Rozgrzewka<\/a><\/strong>. Rano mi\u0119\u015bnie i stawy zazwyczaj s\u0105 mniej ruchome, dlatego kr\u00f3tki kompleks 5\u20137 minut zwi\u0119ksza bezpiecze\u0144stwo (np. kr\u0105\u017cenia bark\u00f3w, delikatne sk\u0142ony i rotacje tu\u0142owia, lekkie przysiady, wymachy ramion i n\u00f3g, \u0142agodne rozci\u0105ganie plec\u00f3w).<\/li>\n\n\n\n<li>Dobr\u0105 praktyk\u0105 jest <strong>przygotowanie wszystkiego wcze\u015bniej<\/strong>: str\u00f3j, butelka wody, mata, plan treningu.<\/li>\n\n\n\n<li><strong>Rano nie nale\u017cy przeci\u0105\u017ca\u0107 organizmu<\/strong>; intensywno\u015b\u0107 powinna by\u0107 dopasowana do samopoczucia. Nale\u017cy obserwowa\u0107 reakcj\u0119 organizmu, aby w razie potrzeby modyfikowa\u0107 kolejne treningi.<\/li>\n\n\n\n<li><strong>Po treningu nale\u017cy zrobi\u0107 tzw. cool down<\/strong> (\u0107wiczenia wspieraj\u0105ce fizjologiczn\u0105 i psychiczn\u0105 regeneracj\u0119 po wysi\u0142ku fizycznym), kt\u00f3ry umo\u017cliwi p\u0142ynne przej\u015bcie do kolejnych aktywno\u015bci w ci\u0105gu dnia i wykonywania codziennych obowi\u0105zk\u00f3w.<\/li>\n<\/ol>\n\n\n\n<h2 class=\"wp-block-heading\" id=\"jakie-cwiczenia-wykonywac-rano\"><strong>Jakie \u0107wiczenia wykonywa\u0107 rano?<\/strong><\/h2>\n\n\n\n<p>Poni\u017cej przyk\u0142adowe \u0107wiczenia, jakie mo\u017cna wykonywa\u0107 rano. Warto pami\u0119ta\u0107, \u017ce dob\u00f3r \u0107wicze\u0144 zale\u017cy od celu jaki chcemy osi\u0105gn\u0105\u0107 i ewentualnych problem\u00f3w zdrowotnych, kt\u00f3re mog\u0105 by\u0107 przeciwwskazaniem do wykonywania okre\u015blonych aktywno\u015bci.<\/p>\n\n\n\n<ol class=\"wp-block-list\">\n<li><strong>Rotacje biodra<\/strong>. \u0106wiczenie wykonuje si\u0119 w pozycji stoj\u0105cej z podparciem \u2013 trzymaj\u0105c r\u0119k\u0119 na oparciu krzes\u0142a lub stoj\u0105c przy \u015bcianie. Dla zwi\u0119kszenia trudno\u015bci mo\u017cna wykona\u0107 je bez podparcia. Utrzymuj\u0105c wyprostowan\u0105 sylwetk\u0119, nale\u017cy unie\u015b\u0107 jedn\u0105 nog\u0119 zgi\u0119t\u0105 w kolanie do poziomu r\u00f3wnoleg\u0142ego do pod\u0142ogi i wykona\u0107 ruchy okr\u0119\u017cne w stawie biodrowym. Podczas wykonywania nie nale\u017cy zgina\u0107 nogi podporowej.<\/li>\n\n\n\n<li><strong>Wymachy ramion i zginanie n\u00f3g do ty\u0142u <\/strong>(tzw. \u201ezakroki dynamiczne\u201d). \u0106wiczenie wykonuje si\u0119 w pozycji stoj\u0105cej, plecy wyprostowane, stopy na szeroko\u015b\u0107 bark\u00f3w. R\u0119ce wyci\u0105gni\u0119te przed siebie r\u00f3wnolegle do pod\u0142ogi. Nale\u017cy wykona\u0107 wymachy ramion w ty\u0142, jednocze\u015bnie naprzemiennie zginaj\u0105c nogi w kolanach tak, aby pi\u0119ta zbli\u017ca\u0142a si\u0119 do po\u015bladka.<\/li>\n\n\n\n<li><strong>Sk\u0142ony i ruchy okr\u0119\u017cne tu\u0142owia<\/strong>. \u0106wiczenie wykonuje si\u0119 w pozycji stoj\u0105cej, stopy ustawione nieco szerzej ni\u017c na szeroko\u015b\u0107 bark\u00f3w. R\u0119ce za\u0142o\u017cone za g\u0142ow\u0119, bez splatania palc\u00f3w. Nale\u017cy wykona\u0107 ruchy okr\u0119\u017cne tu\u0142owia, wyd\u0142u\u017caj\u0105c odcinek l\u0119d\u017awiowy i pochylaj\u0105c si\u0119 w kierunku pod\u0142ogi. W ko\u0144cowej fazie ruchu wykonujemy p\u00f3\u0142obr\u00f3t tu\u0142owia naprzemiennie w lewo i w prawo, staraj\u0105c si\u0119 maksymalnie otworzy\u0107 klatk\u0119 piersiow\u0105.<\/li>\n\n\n\n<li><strong>Aktywne kr\u0105\u017cenia ramion.<\/strong> Pozycja p\u00f3\u0142przysiadu \u2013 kolana lekko ugi\u0119te. Ramiona wyci\u0105gni\u0119te w bok r\u00f3wnolegle do pod\u0142ogi. Nale\u017cy wykona\u0107 szybkie, dynamiczne kr\u0105\u017cenia w stawach barkowych zgodnie z ruchem wskaz\u00f3wek zegara oraz w przeciwnym kierunku, utrzymuj\u0105c napi\u0119cie mi\u0119\u015bni naramiennych.<\/li>\n\n\n\n<li><strong>Przej\u015bcia do planku i powr\u00f3t.<\/strong> \u0106wiczenie wykonuje si\u0119 w pozycji stoj\u0105cej, stopy na szeroko\u015b\u0107 bark\u00f3w. Nale\u017cy wykona\u0107 sk\u0142on w prz\u00f3d, dotkn\u0105\u0107 d\u0142o\u0144mi pod\u0142ogi i przesuwa\u0107 r\u0119ce naprzemiennie do pozycji klasycznego planku. Plank mo\u017cna utrzyma\u0107 na kilka sekund, po czym wr\u00f3ci\u0107 do pozycji wyj\u015bciowej.<\/li>\n\n\n\n<li><strong>Wykrok z podporu<\/strong> (z planku). Pozycja wyj\u015bciowa: Pozycja plank. Jedn\u0105 nog\u0119 nale\u017cy wysun\u0105\u0107 do przodu, unie\u015b\u0107 tu\u0142\u00f3w do pozycji pionowej i wyci\u0105gn\u0105\u0107 r\u0119ce w g\u00f3r\u0119. Wr\u00f3ci\u0107 do pozycji wyj\u015bciowej i powtarza\u0107 naprzemiennie.<\/li>\n\n\n\n<li><strong>Side plank<\/strong>. Pozycja wyj\u015bciowa to plank na wyprostowanych r\u0119kach (d\u0142onie pod barkami, cia\u0142o w jednej linii). Nast\u0119pnie nast\u0119puje przeniesienie ci\u0119\u017caru na jedn\u0105 d\u0142o\u0144 i obr\u00f3t tu\u0142owia do boku, przechodz\u0105c do deski bocznej. W tej pozycji unosi si\u0119 g\u00f3rn\u0105 nog\u0119 kilka centymetr\u00f3w nad doln\u0105, utrzymuj\u0105c biodra wysoko. Po kr\u00f3tkim zatrzymaniu nast\u0119puje powr\u00f3t do planku i wykonanie ruchu na drug\u0105 stron\u0119.<\/li>\n\n\n\n<li><strong><a href=\"https:\/\/alabsport.pl\/blog\/pajacyki-dlaczego-warto-i-jak-prawidlowo-je-robic\/\">Pajacyki<\/a><\/strong>.&nbsp; Z pozycji stoj\u0105cej nale\u017cy wykona\u0107 podskok, rozstawiaj\u0105c nogi na boki i unosz\u0105c ramiona nad g\u0142ow\u0119 tak, aby d\u0142onie si\u0119 zetkn\u0119\u0142y. L\u0105dowanie na \u015br\u00f3dstopiu.<\/li>\n<\/ol>\n\n\n\n<p>W razie problem\u00f3w ze stawami\/kr\u0119gos\u0142upem planki i pajacyki nale\u017cy zast\u0105pi\u0107 innym rodzajem \u0107wiczenia lub \u0142agodniejsz\u0105 wersj\u0105 bez skok\u00f3w i bez unoszenia nogi, w zale\u017cno\u015bci od decyzji i zalece\u0144 specjalisty.<\/p>\n\n\n\n<figure class=\"wp-block-image size-full\"><a href=\"https:\/\/alabsport.pl\/pakiety\/fitness\"><img loading=\"lazy\" decoding=\"async\" width=\"980\" height=\"312\" src=\"https:\/\/alabsport.pl\/blog\/wp-content\/uploads\/2024\/03\/baner_alab_sport_fitness-jpg.webp\" alt=\"pakiet bada\u0144 fitness alab sport baner\" class=\"wp-image-797\" srcset=\"https:\/\/alabsport.pl\/blog\/wp-content\/uploads\/2024\/03\/baner_alab_sport_fitness-jpg.webp 980w, https:\/\/alabsport.pl\/blog\/wp-content\/uploads\/2024\/03\/baner_alab_sport_fitness-300x96.webp 300w, https:\/\/alabsport.pl\/blog\/wp-content\/uploads\/2024\/03\/baner_alab_sport_fitness-768x245.webp 768w\" sizes=\"auto, (max-width: 980px) 100vw, 980px\" \/><\/a><\/figure>\n\n\n\n<h2 class=\"wp-block-heading\" id=\"czy-lepiej-robic-trening-rano-czy-wieczorem\"><strong>Czy lepiej robi\u0107 trening rano czy wieczorem?<\/strong><\/h2>\n\n\n\n<p>Chocia\u017c ka\u017cda aktywno\u015b\u0107 fizyczna jest uznawana za wa\u017cn\u0105 interwencj\u0119 zdrowotn\u0105, optymalny moment jej wykonywania wywo\u0142uje dyskusje. Zar\u00f3wno treningi poranne, jak i wieczorne maj\u0105 swoje zalety i wady, dlatego wyb\u00f3r powinien uwzgl\u0119dnia\u0107 indywidualne cechy oraz cele treningowe.<\/p>\n\n\n\n<p>Og\u00f3lnie przyjmuje si\u0119, \u017ce <strong>trening poranny mo\u017ce zwi\u0119ksza\u0107 poziom energii i poprawia\u0107 nastr\u00f3j, jednak wymaga d\u0142u\u017cszej rozgrzewki <\/strong>ze wzgl\u0119du na ni\u017csz\u0105 temperatur\u0119 cia\u0142a i mniejsz\u0105 elastyczno\u015b\u0107 mi\u0119\u015bni po przebudzeniu. Z kolei <strong>trening wieczorny mo\u017ce pom\u00f3c w redukcji stresu oraz by\u0107 bardziej efektywny<\/strong> z uwagi na gotowo\u015b\u0107 cia\u0142a do aktywno\u015bci.&nbsp;<\/p>\n\n\n\n<p>W jednym z bada\u0144 naukowych wykazano, \u017ce 16-tygodniowy program nadzorowanych \u0107wicze\u0144 aerobowych (rano i po po\u0142udniu), bez zmian dietetycznych, poprawia\u0142 sprawno\u015b\u0107 sercowo-oddechow\u0105 i metaboliczn\u0105, sk\u0142ad cia\u0142a oraz \u015brednie ci\u015bnienie t\u0119tnicze w por\u00f3wnaniu z grup\u0105 nie \u0107wicz\u0105c\u0105. Jednak to w\u0142a\u015bnie trening rano, bez zmian intensywno\u015bci \u0107wicze\u0144, znacznie obni\u017cy\u0142 ci\u015bnienie skurczowe i insulinooporno\u015b\u0107 w por\u00f3wnaniu do treningu po po\u0142udniu. Dlatego, wed\u0142ug badaczy, trening aerobowy o wysokiej intensywno\u015bci rano jest bardziej efektywny w poprawie zdrowia os\u00f3b z zespo\u0142em metabolicznym.<\/p>\n\n\n\n<p>W innym badaniu podkre\u015blono zale\u017cno\u015b\u0107 pomi\u0119dzy por\u0105 treningu a efektami, jakie mo\u017cemy osi\u0105gn\u0105\u0107. Wskazano, \u017ce <strong>poranne \u0107wiczenia (6\u20138 rano) s\u0105 szczeg\u00f3lnie skuteczne w szybkiej redukcji tkanki t\u0142uszczowej, obni\u017caniu poziomu cholesterolu i tr\u00f3jgliceryd\u00f3w w osoczu oraz poprawie cyklu snu i czuwania, a \u0107wiczenia wieczorne (18\u201320:00) s\u0105 skuteczniejsze w poprawie funkcji naczy\u0144.<\/strong><\/p>\n\n\n\n<h2 class=\"wp-block-heading\" id=\"kiedy-nie-jest-dobrym-rozwiazaniem\"><strong>Poranny trening \u2013 kiedy nie jest dobrym rozwi\u0105zaniem?<\/strong><\/h2>\n\n\n\n<p>Poranne treningi nie s\u0105 jednak odpowiednie dla wszystkich, a w badaniach wskazuje si\u0119 na sytuacje, w kt\u00f3rych wczesna aktywno\u015b\u0107 mo\u017ce przynie\u015b\u0107 wi\u0119cej ryzyka ni\u017c korzy\u015bci. Na przyk\u0142ad, <strong>u os\u00f3b z chorobami sercowo-naczyniowymi, nadci\u015bnieniem<\/strong>. W pierwszych godzinach po przebudzeniu fizjologicznie wzrasta ci\u015bnienie t\u0119tnicze, a trening poranny mo\u017ce dodatkowo spowodowa\u0107 jego wzrost. W przypadku os\u00f3b z tego typu dolegliwo\u015bciami mo\u017ce to by\u0107 szczeg\u00f3lnie niebezpieczne i powodowa\u0107 np. ko\u0142atania serca.<\/p>\n\n\n\n<p>Dodatkowo niedob\u00f3r snu mo\u017ce negatywnie wp\u0142ywa\u0107 na regeneracj\u0119 organizmu oraz funkcjonowanie uk\u0142adu odporno\u015bciowego. Regularne <strong>wykonywanie intensywnych porannych trening\u00f3w przy chronicznym niewyspaniu mo\u017ce zwi\u0119ksza\u0107 obci\u0105\u017cenie organizmu<\/strong>.&nbsp;Ponadto rano temperatura cia\u0142a fizjologicznie jest najni\u017csza w ci\u0105gu doby, a mi\u0119\u015bnie i stawy mog\u0105 stawa\u0107 si\u0119 mniej elastyczne. <strong>Pr\u00f3ba nag\u0142ego rozpocz\u0119cia intensywnego wysi\u0142ku bez odpowiedniej rozgrzewki zwi\u0119ksza ryzyko przeci\u0105\u017ce\u0144 i uraz\u00f3w.&nbsp;<\/strong><\/p>\n\n\n\n<p>Deficyt energetyczny po nocnym po\u015bcie to jeszcze jeden czynnik, kt\u00f3ry mo\u017ce by\u0107 stresuj\u0105cy dla organizmu. W ci\u0105gu nocy zapasy glikogenu w w\u0105trobie ulegaj\u0105 znacznemu obni\u017ceniu, a \u0107wiczenia wykonywane na czczo u cz\u0119\u015bci os\u00f3b mog\u0105 wi\u0105za\u0107 si\u0119 z uczuciem os\u0142abienia, zawrotami g\u0142owy czy md\u0142o\u015bciami.<\/p>\n\n\n\n<p>Podsumowuj\u0105c, poranne treningi mog\u0105 przynosi\u0107 wiele korzy\u015bci, pod warunkiem odpowiedniego przygotowania i braku przeciwwskaza\u0144. Zw\u0142aszcza na pocz\u0105tku (lub przy zmianie intensywno\u015bci czy czasu trwania porannych trening\u00f3w) warto obserwowa\u0107 reakcj\u0119 organizmu, sen i poziom energii oraz wprowadza\u0107 niezb\u0119dne korekty. Mo\u017cna r\u00f3wnie\u017c spr\u00f3bowa\u0107 \u0107wiczy\u0107 wieczorem, aby por\u00f3wna\u0107 odczucia i wybra\u0107 optymaln\u0105 por\u0119 zgodn\u0105 z indywidualnym rytmem dobowym oraz stylem \u017cycia.<\/p>\n\n\n\n<h2 class=\"wp-block-heading\" id=\"podsumowanie\"><strong>Podsumowanie<\/strong><\/h2>\n\n\n\n<p>Poranny trening mo\u017ce przynie\u015b\u0107 wiele korzy\u015bci, je\u017celi b\u0119dzie wykonywany z zachowaniem zasad bezpiecze\u0144stwa i regularnie. G\u0142\u00f3wnym celem porannego treningu jest optymalne obci\u0105\u017cenie, kt\u00f3re przygotuje organizm do aktywno\u015bci fizycznej i umys\u0142owej w ci\u0105gu dnia. Dob\u00f3r obci\u0105\u017cenia wymaga indywidualnego podej\u015bcia i zale\u017cy od przygotowania osoby \u0107wicz\u0105cej, cel\u00f3w, jakie chce osi\u0105gn\u0105\u0107, oraz tego, czy jest to jedyna aktywno\u015b\u0107 w ci\u0105gu dnia. W przypadku braku przeciwwskaza\u0144 warto spr\u00f3bowa\u0107 zacz\u0105\u0107 \u0107wiczy\u0107 rano, jednak wa\u017cne jest wybranie takiej pory, kt\u00f3ra najlepiej wpisuje si\u0119 w rytm \u017cycia i pozwala utrzyma\u0107 regularno\u015b\u0107 trening\u00f3w.<\/p>\n\n\n\n<h2 class=\"wp-block-heading\" id=\"faq\"><strong>FAQ. Dlaczego warto \u0107wiczy\u0107 rano? \u2013 cz\u0119sto zadawane pytania<\/strong><\/h2>\n\n\n\n<div class=\"schema-faq wp-block-yoast-faq-block\"><div class=\"schema-faq-section\" id=\"faq-question-1772444009103\"><strong class=\"schema-faq-question\"><strong>Co najlepiej \u0107wiczy\u0107 rano?<\/strong><\/strong> <p class=\"schema-faq-answer\">Rodzaj porannych \u0107wicze\u0144 zale\u017cy od celu, jaki stawia sobie osoba \u0107wicz\u0105ca. Aktywno\u015b\u0107 warto dopasowa\u0107 do efektu, kt\u00f3ry chce si\u0119 osi\u0105gn\u0105\u0107, np.:<br\/>\u2013 dla energii i pobudzenia: lekkie cardio (szybki marsz, trucht, pajacyki, skakanka),<br\/>\u2013 dla elastyczno\u015bci i wyciszenia: joga lub stretching,<br\/>\u2013 dla si\u0142y: plank, przysiady, pompki, \u0107wiczenia z gumami oporowymi,<br\/>\u2013 dla redukcji tkanki t\u0142uszczowej: trening mieszany (cardio + \u0107wiczenia si\u0142owe).<br\/>Poranne treningi nie powinny by\u0107 bardzo intensywne \u2014 zalecana jest raczej umiarkowana lub \u015brednia aktywno\u015b\u0107. Je\u015bli planowany jest wysi\u0142ek o wysokiej intensywno\u015bci, powinien on zosta\u0107 poprzedzony odpowiedni\u0105 rozgrzewk\u0105.<\/p> <\/div> <div class=\"schema-faq-section\" id=\"faq-question-1772444019208\"><strong class=\"schema-faq-question\"><strong>Co zje\u015b\u0107 przed porannym treningiem si\u0142owym?<\/strong><\/strong> <p class=\"schema-faq-answer\">Je\u015bli chodzi o \u015bniadanie, przy treningu o niskiej lub umiarkowanej intensywno\u015bci, osoby zdrowe (w szczeg\u00f3lno\u015bci bez hipoglikemii, zawrot\u00f3w g\u0142owy czy zaburze\u0144 gospodarki w\u0119glowodanowej), mog\u0105 \u0107wiczy\u0107 na czczo i zje\u015b\u0107 posi\u0142ek 30\u201360 minut po zako\u0144czeniu treningu. \u015aniadanie powinno zawiera\u0107 w\u0119glowodany z\u0142o\u017cone oraz bia\u0142ko, kt\u00f3re wspieraj\u0105 regeneracj\u0119 organizmu i utrzymanie energii.<br\/>Je\u015bli planowany jest trening intensywny lub d\u0142ugotrwa\u0142y, warto zje\u015b\u0107 \u015bniadanie przed wysi\u0142kiem &#8211; lekk\u0105 przek\u0105sk\u0119 zawieraj\u0105c\u0105 w\u0119glowodany oraz niewielk\u0105 ilo\u015b\u0107 bia\u0142ka (oko\u0142o 30\u201360 minut przed treningiem). W przypadku wysi\u0142ku o wysokiej intensywno\u015bci zaleca si\u0119 spo\u017cycie pe\u0142nowarto\u015bciowego posi\u0142ku oko\u0142o godziny przed rozpocz\u0119ciem treningu.<\/p> <\/div> <div class=\"schema-faq-section\" id=\"faq-question-1772444046524\"><strong class=\"schema-faq-question\"><strong>Czy 10-minutowe poranne treningi s\u0105 skuteczne?<\/strong><\/strong> <p class=\"schema-faq-answer\">Kr\u00f3tki, 10-minutowy trening poranny mo\u017ce by\u0107 pomocny w przebudzeniu organizmu, poprawie kr\u0105\u017cenia i \u201erozruszaniu\u201d cia\u0142a po nocy.\u00a0 Nie b\u0119dzie jednak wystarczaj\u0105cy do poprawy masy mi\u0119\u015bniowej, redukcji tkanki t\u0142uszczowej czy trwa\u0142ej regulacji rytmu dobowego, je\u015bli stanowi jedyn\u0105 form\u0119 aktywno\u015bci fizycznej.<\/p> <\/div> <div class=\"schema-faq-section\" id=\"faq-question-1772444054200\"><strong class=\"schema-faq-question\"><strong>Co nale\u017cy zrobi\u0107 przed porannym treningiem?<\/strong><\/strong> <p class=\"schema-faq-answer\">Rzeczy, kt\u00f3re nale\u017cy bezwzgl\u0119dnie zrobi\u0107 przed ka\u017cdym porannym treningiem, niezale\u017cnie od jego intensywno\u015bci i czasu trwania:<br\/>Obudzi\u0107 si\u0119.<br\/>Nawodni\u0107 si\u0119.<br\/>Oceni\u0107 swoje samopoczucie.<br\/>Je\u017celi samopoczucie pozwala na wykonanie treningu \u2013 zacz\u0105\u0107 od rozgrzewki.<\/p> <\/div> <\/div>\n\n\n\n<p><strong>Bibliografia:<\/strong><\/p>\n\n\n\n<p>1. Shen B, Zheng H, Liu H, Chen L, Yang G. Differential benefits of 12-week morning vs. evening aerobic exercise on sleep and cardiometabolic health: a randomized controlled trial. Sci Rep. 2025 May 26;15(1):18298. doi: 10.1038\/s41598-025-02659-8. PMID: 40419564; PMCID: PMC12106789.<\/p>\n\n\n\n<p>2. Saidi O, Colin E, Rance M, Dor\u00e9 E, Pereira B, Duch\u00e9 P. Effect of morning versus evening exercise training on sleep, physical activity, fitness, fatigue and quality of life in overweight and obese adults. Chronobiol Int. 2021 Nov;38(11):1537-1548. doi: 10.1080\/07420528.2021.1935988. Epub 2021 Jun 15. PMID: 34128447.<\/p>\n\n\n\n<p>3. Kim N, Ka S, Park J. Effects of exercise timing and intensity on physiological circadian rhythm and sleep quality: a systematic review. Phys Act Nutr. 2023 Sep;27(3):52-63. doi: 10.20463\/pan.2023.0029. Epub 2023 Sep 30. PMID: 37946447; PMCID: PMC10636512.<\/p>\n","protected":false},"excerpt":{"rendered":"<p>Czy warto \u0107wiczy\u0107 rano? Poranny trening mo\u017ce poprawi\u0107 nastr\u00f3j, pobudzi\u0107 metabolizm, wspiera\u0107 redukcj\u0119 tkanki t\u0142uszczowej i regulowa\u0107 rytm snu. Sprawd\u017a, komu s\u0142u\u017cy poranna aktywno\u015b\u0107 i jakie \u0107wiczenia wprowadzi\u0107 do codziennej rutyny.<\/p>\n","protected":false},"author":15,"featured_media":2881,"comment_status":"closed","ping_status":"closed","sticky":false,"template":"","format":"standard","meta":{"footnotes":""},"categories":[13],"tags":[],"class_list":["post-2942","post","type-post","status-publish","format-standard","has-post-thumbnail","hentry","category-trening-sportowy"],"yoast_head":"<!-- This site is optimized with the Yoast SEO plugin v27.2 - https:\/\/yoast.com\/product\/yoast-seo-wordpress\/ -->\n<title>Poranny trening \u2013 dlaczego warto \u0107wiczy\u0107 rano? - ALAB sport<\/title>\n<meta name=\"description\" content=\"Dlaczego warto \u0107wiczy\u0107 rano? Poznaj korzy\u015bci porannego treningu, przyk\u0142adowe \u0107wiczenia i sprawd\u017a, czy to rozwi\u0105zanie dla Ciebie.\" \/>\n<meta name=\"robots\" content=\"index, follow, max-snippet:-1, max-image-preview:large, max-video-preview:-1\" \/>\n<link rel=\"canonical\" href=\"https:\/\/alabsport.pl\/blog\/trening-poranny-czyli-cwiczenia-na-poczatek-dnia-dlaczego-warto-cwiczyc-rano\/\" \/>\n<meta property=\"og:locale\" content=\"pl_PL\" \/>\n<meta property=\"og:type\" content=\"article\" \/>\n<meta property=\"og:title\" content=\"Poranny trening \u2013 dlaczego warto \u0107wiczy\u0107 rano? - ALAB sport\" \/>\n<meta property=\"og:description\" content=\"Dlaczego warto \u0107wiczy\u0107 rano? Poznaj korzy\u015bci porannego treningu, przyk\u0142adowe \u0107wiczenia i sprawd\u017a, czy to rozwi\u0105zanie dla Ciebie.\" \/>\n<meta property=\"og:url\" content=\"https:\/\/alabsport.pl\/blog\/trening-poranny-czyli-cwiczenia-na-poczatek-dnia-dlaczego-warto-cwiczyc-rano\/\" \/>\n<meta property=\"og:site_name\" content=\"ALAB sport\" \/>\n<meta property=\"article:published_time\" content=\"2026-03-17T08:00:00+00:00\" \/>\n<meta property=\"article:modified_time\" content=\"2026-03-19T13:01:19+00:00\" \/>\n<meta property=\"og:image\" content=\"https:\/\/alabsport.pl\/blog\/wp-content\/uploads\/2026\/02\/Trening_poranny_cover.jpg\" \/>\n\t<meta property=\"og:image:width\" content=\"980\" \/>\n\t<meta property=\"og:image:height\" content=\"382\" \/>\n\t<meta property=\"og:image:type\" content=\"image\/jpeg\" \/>\n<meta name=\"author\" content=\"mgr Szymon Gutowski\" \/>\n<meta name=\"twitter:card\" content=\"summary_large_image\" \/>\n<meta name=\"twitter:label1\" content=\"Napisane przez\" \/>\n\t<meta name=\"twitter:data1\" content=\"mgr Szymon Gutowski\" \/>\n\t<meta name=\"twitter:label2\" content=\"Szacowany czas czytania\" \/>\n\t<meta name=\"twitter:data2\" content=\"14 minut\" \/>\n<script type=\"application\/ld+json\" class=\"yoast-schema-graph\">{\"@context\":\"https:\/\/schema.org\",\"@graph\":[{\"@type\":\"Article\",\"@id\":\"https:\/\/alabsport.pl\/blog\/trening-poranny-czyli-cwiczenia-na-poczatek-dnia-dlaczego-warto-cwiczyc-rano\/#article\",\"isPartOf\":{\"@id\":\"https:\/\/alabsport.pl\/blog\/trening-poranny-czyli-cwiczenia-na-poczatek-dnia-dlaczego-warto-cwiczyc-rano\/\"},\"author\":{\"name\":\"mgr Szymon Gutowski\",\"@id\":\"https:\/\/alabsport.pl\/blog\/#\/schema\/person\/f78ec77a633f9b850b7e83be7c8f8be1\"},\"headline\":\"Trening poranny, czyli \u0107wiczenia na pocz\u0105tek dnia. Dlaczego warto \u0107wiczy\u0107 rano?\u00a0\",\"datePublished\":\"2026-03-17T08:00:00+00:00\",\"dateModified\":\"2026-03-19T13:01:19+00:00\",\"mainEntityOfPage\":{\"@id\":\"https:\/\/alabsport.pl\/blog\/trening-poranny-czyli-cwiczenia-na-poczatek-dnia-dlaczego-warto-cwiczyc-rano\/\"},\"wordCount\":2689,\"publisher\":{\"@id\":\"https:\/\/alabsport.pl\/#organization\"},\"image\":{\"@id\":\"https:\/\/alabsport.pl\/blog\/trening-poranny-czyli-cwiczenia-na-poczatek-dnia-dlaczego-warto-cwiczyc-rano\/#primaryimage\"},\"articleSection\":[\"Trening sportowy\"],\"inLanguage\":\"pl-PL\",\"description\":\"Czy warto \u0107wiczy\u0107 rano? Poranny trening mo\u017ce poprawi\u0107 nastr\u00f3j, pobudzi\u0107 metabolizm, wspiera\u0107 redukcj\u0119 tkanki t\u0142uszczowej i regulowa\u0107 rytm snu. Sprawd\u017a, komu s\u0142u\u017cy poranna aktywno\u015b\u0107 i jakie \u0107wiczenia wprowadzi\u0107 do codziennej rutyny.\"},{\"@type\":\"WebPage\",\"@id\":\"https:\/\/alabsport.pl\/blog\/trening-poranny-czyli-cwiczenia-na-poczatek-dnia-dlaczego-warto-cwiczyc-rano\/\",\"url\":\"https:\/\/alabsport.pl\/blog\/trening-poranny-czyli-cwiczenia-na-poczatek-dnia-dlaczego-warto-cwiczyc-rano\/\",\"name\":\"Poranny trening \u2013 dlaczego warto \u0107wiczy\u0107 rano? - ALAB sport\",\"isPartOf\":{\"@id\":\"https:\/\/alabsport.pl\/#website\"},\"primaryImageOfPage\":{\"@id\":\"https:\/\/alabsport.pl\/blog\/trening-poranny-czyli-cwiczenia-na-poczatek-dnia-dlaczego-warto-cwiczyc-rano\/#primaryimage\"},\"description\":\"Czy warto \u0107wiczy\u0107 rano? Poranny trening mo\u017ce poprawi\u0107 nastr\u00f3j, pobudzi\u0107 metabolizm, wspiera\u0107 redukcj\u0119 tkanki t\u0142uszczowej i regulowa\u0107 rytm snu. Sprawd\u017a, komu s\u0142u\u017cy poranna aktywno\u015b\u0107 i jakie \u0107wiczenia wprowadzi\u0107 do codziennej rutyny.\",\"mainEntity\":[{\"@id\":\"https:\/\/alabsport.pl\/blog\/trening-poranny-czyli-cwiczenia-na-poczatek-dnia-dlaczego-warto-cwiczyc-rano\/#faq-question-1772444009103\"},{\"@id\":\"https:\/\/alabsport.pl\/blog\/trening-poranny-czyli-cwiczenia-na-poczatek-dnia-dlaczego-warto-cwiczyc-rano\/#faq-question-1772444019208\"},{\"@id\":\"https:\/\/alabsport.pl\/blog\/trening-poranny-czyli-cwiczenia-na-poczatek-dnia-dlaczego-warto-cwiczyc-rano\/#faq-question-1772444046524\"},{\"@id\":\"https:\/\/alabsport.pl\/blog\/trening-poranny-czyli-cwiczenia-na-poczatek-dnia-dlaczego-warto-cwiczyc-rano\/#faq-question-1772444054200\"}],\"inLanguage\":\"pl-PL\"},{\"@type\":\"ImageObject\",\"inLanguage\":\"pl-PL\",\"@id\":\"https:\/\/alabsport.pl\/blog\/trening-poranny-czyli-cwiczenia-na-poczatek-dnia-dlaczego-warto-cwiczyc-rano\/#primaryimage\",\"url\":\"https:\/\/alabsport.pl\/blog\/wp-content\/uploads\/2026\/02\/Trening_poranny_cover.jpg\",\"contentUrl\":\"https:\/\/alabsport.pl\/blog\/wp-content\/uploads\/2026\/02\/Trening_poranny_cover.jpg\",\"width\":980,\"height\":382,\"caption\":\"Trening_poranny_cover\"},{\"@type\":\"WebSite\",\"@id\":\"https:\/\/alabsport.pl\/#website\",\"url\":\"https:\/\/alabsport.pl\/\",\"name\":\"ALAB sport\",\"description\":\"Blog o zdrowiu i sporcie\",\"publisher\":{\"@id\":\"https:\/\/alabsport.pl\/#organization\"},\"inLanguage\":\"pl-PL\"},{\"@type\":\"Organization\",\"@id\":\"https:\/\/alabsport.pl\/#organization\",\"name\":\"ALAB sport\",\"url\":\"https:\/\/alabsport.pl\/\",\"logo\":{\"@type\":\"ImageObject\",\"inLanguage\":\"pl-PL\",\"@id\":\"https:\/\/alabsport.pl\/blog\/#\/schema\/logo\/image\/\",\"url\":\"https:\/\/alabsport.pl\/blog\/wp-content\/uploads\/2026\/04\/ALABsport_logo-scaled.png\",\"contentUrl\":\"https:\/\/alabsport.pl\/blog\/wp-content\/uploads\/2026\/04\/ALABsport_logo-scaled.png\",\"width\":156,\"height\":32,\"caption\":\"ALAB sport\"}},{\"@type\":\"Person\",\"@id\":\"https:\/\/alabsport.pl\/blog\/author\/szymon-gutowski\/\",\"name\":\"mgr Szymon Gutowski\",\"url\":\"https:\/\/alabsport.pl\/blog\/author\/szymon-gutowski\/\",\"worksFor\":{\"@id\":\"https:\/\/alabsport.pl\/#organization\"},\"affiliation\":{\"@id\":\"https:\/\/alabsport.pl\/#organization\"}}]}<\/script>\n<!-- \/ Yoast SEO plugin. -->","yoast_head_json":{"title":"Poranny trening \u2013 dlaczego warto \u0107wiczy\u0107 rano? - ALAB sport","description":"Dlaczego warto \u0107wiczy\u0107 rano? Poznaj korzy\u015bci porannego treningu, przyk\u0142adowe \u0107wiczenia i sprawd\u017a, czy to rozwi\u0105zanie dla Ciebie.","robots":{"index":"index","follow":"follow","max-snippet":"max-snippet:-1","max-image-preview":"max-image-preview:large","max-video-preview":"max-video-preview:-1"},"canonical":"https:\/\/alabsport.pl\/blog\/trening-poranny-czyli-cwiczenia-na-poczatek-dnia-dlaczego-warto-cwiczyc-rano\/","og_locale":"pl_PL","og_type":"article","og_title":"Poranny trening \u2013 dlaczego warto \u0107wiczy\u0107 rano? - ALAB sport","og_description":"Dlaczego warto \u0107wiczy\u0107 rano? Poznaj korzy\u015bci porannego treningu, przyk\u0142adowe \u0107wiczenia i sprawd\u017a, czy to rozwi\u0105zanie dla Ciebie.","og_url":"https:\/\/alabsport.pl\/blog\/trening-poranny-czyli-cwiczenia-na-poczatek-dnia-dlaczego-warto-cwiczyc-rano\/","og_site_name":"ALAB sport","article_published_time":"2026-03-17T08:00:00+00:00","article_modified_time":"2026-03-19T13:01:19+00:00","og_image":[{"width":980,"height":382,"url":"https:\/\/alabsport.pl\/blog\/wp-content\/uploads\/2026\/02\/Trening_poranny_cover.jpg","type":"image\/jpeg"}],"author":"mgr Szymon Gutowski","twitter_card":"summary_large_image","twitter_misc":{"Napisane przez":"mgr Szymon Gutowski","Szacowany czas czytania":"14 minut"},"schema":{"@context":"https:\/\/schema.org","@graph":[{"@type":"Article","@id":"https:\/\/alabsport.pl\/blog\/trening-poranny-czyli-cwiczenia-na-poczatek-dnia-dlaczego-warto-cwiczyc-rano\/#article","isPartOf":{"@id":"https:\/\/alabsport.pl\/blog\/trening-poranny-czyli-cwiczenia-na-poczatek-dnia-dlaczego-warto-cwiczyc-rano\/"},"author":{"name":"mgr Szymon Gutowski","@id":"https:\/\/alabsport.pl\/blog\/#\/schema\/person\/f78ec77a633f9b850b7e83be7c8f8be1"},"headline":"Trening poranny, czyli \u0107wiczenia na pocz\u0105tek dnia. Dlaczego warto \u0107wiczy\u0107 rano?\u00a0","datePublished":"2026-03-17T08:00:00+00:00","dateModified":"2026-03-19T13:01:19+00:00","mainEntityOfPage":{"@id":"https:\/\/alabsport.pl\/blog\/trening-poranny-czyli-cwiczenia-na-poczatek-dnia-dlaczego-warto-cwiczyc-rano\/"},"wordCount":2689,"publisher":{"@id":"https:\/\/alabsport.pl\/#organization"},"image":{"@id":"https:\/\/alabsport.pl\/blog\/trening-poranny-czyli-cwiczenia-na-poczatek-dnia-dlaczego-warto-cwiczyc-rano\/#primaryimage"},"articleSection":["Trening sportowy"],"inLanguage":"pl-PL","description":"Czy warto \u0107wiczy\u0107 rano? Poranny trening mo\u017ce poprawi\u0107 nastr\u00f3j, pobudzi\u0107 metabolizm, wspiera\u0107 redukcj\u0119 tkanki t\u0142uszczowej i regulowa\u0107 rytm snu. Sprawd\u017a, komu s\u0142u\u017cy poranna aktywno\u015b\u0107 i jakie \u0107wiczenia wprowadzi\u0107 do codziennej rutyny."},{"@type":"WebPage","@id":"https:\/\/alabsport.pl\/blog\/trening-poranny-czyli-cwiczenia-na-poczatek-dnia-dlaczego-warto-cwiczyc-rano\/","url":"https:\/\/alabsport.pl\/blog\/trening-poranny-czyli-cwiczenia-na-poczatek-dnia-dlaczego-warto-cwiczyc-rano\/","name":"Poranny trening \u2013 dlaczego warto \u0107wiczy\u0107 rano? - ALAB sport","isPartOf":{"@id":"https:\/\/alabsport.pl\/#website"},"primaryImageOfPage":{"@id":"https:\/\/alabsport.pl\/blog\/trening-poranny-czyli-cwiczenia-na-poczatek-dnia-dlaczego-warto-cwiczyc-rano\/#primaryimage"},"description":"Czy warto \u0107wiczy\u0107 rano? Poranny trening mo\u017ce poprawi\u0107 nastr\u00f3j, pobudzi\u0107 metabolizm, wspiera\u0107 redukcj\u0119 tkanki t\u0142uszczowej i regulowa\u0107 rytm snu. Sprawd\u017a, komu s\u0142u\u017cy poranna aktywno\u015b\u0107 i jakie \u0107wiczenia wprowadzi\u0107 do codziennej rutyny.","mainEntity":[{"@id":"https:\/\/alabsport.pl\/blog\/trening-poranny-czyli-cwiczenia-na-poczatek-dnia-dlaczego-warto-cwiczyc-rano\/#faq-question-1772444009103"},{"@id":"https:\/\/alabsport.pl\/blog\/trening-poranny-czyli-cwiczenia-na-poczatek-dnia-dlaczego-warto-cwiczyc-rano\/#faq-question-1772444019208"},{"@id":"https:\/\/alabsport.pl\/blog\/trening-poranny-czyli-cwiczenia-na-poczatek-dnia-dlaczego-warto-cwiczyc-rano\/#faq-question-1772444046524"},{"@id":"https:\/\/alabsport.pl\/blog\/trening-poranny-czyli-cwiczenia-na-poczatek-dnia-dlaczego-warto-cwiczyc-rano\/#faq-question-1772444054200"}],"inLanguage":"pl-PL"},{"@type":"ImageObject","inLanguage":"pl-PL","@id":"https:\/\/alabsport.pl\/blog\/trening-poranny-czyli-cwiczenia-na-poczatek-dnia-dlaczego-warto-cwiczyc-rano\/#primaryimage","url":"https:\/\/alabsport.pl\/blog\/wp-content\/uploads\/2026\/02\/Trening_poranny_cover.jpg","contentUrl":"https:\/\/alabsport.pl\/blog\/wp-content\/uploads\/2026\/02\/Trening_poranny_cover.jpg","width":980,"height":382,"caption":"Trening_poranny_cover"},{"@type":"WebSite","@id":"https:\/\/alabsport.pl\/#website","url":"https:\/\/alabsport.pl\/","name":"ALAB sport","description":"Blog o zdrowiu i sporcie","publisher":{"@id":"https:\/\/alabsport.pl\/#organization"},"inLanguage":"pl-PL"},{"@type":"Organization","@id":"https:\/\/alabsport.pl\/#organization","name":"ALAB sport","url":"https:\/\/alabsport.pl\/","logo":{"@type":"ImageObject","inLanguage":"pl-PL","@id":"https:\/\/alabsport.pl\/blog\/#\/schema\/logo\/image\/","url":"https:\/\/alabsport.pl\/blog\/wp-content\/uploads\/2026\/04\/ALABsport_logo-scaled.png","contentUrl":"https:\/\/alabsport.pl\/blog\/wp-content\/uploads\/2026\/04\/ALABsport_logo-scaled.png","width":156,"height":32,"caption":"ALAB sport"}},{"@type":"Person","@id":"https:\/\/alabsport.pl\/blog\/author\/szymon-gutowski\/","name":"mgr Szymon Gutowski","url":"https:\/\/alabsport.pl\/blog\/author\/szymon-gutowski\/","worksFor":{"@id":"https:\/\/alabsport.pl\/#organization"},"affiliation":{"@id":"https:\/\/alabsport.pl\/#organization"}}]}},"_links":{"self":[{"href":"https:\/\/alabsport.pl\/blog\/wp-json\/wp\/v2\/posts\/2942","targetHints":{"allow":["GET"]}}],"collection":[{"href":"https:\/\/alabsport.pl\/blog\/wp-json\/wp\/v2\/posts"}],"about":[{"href":"https:\/\/alabsport.pl\/blog\/wp-json\/wp\/v2\/types\/post"}],"author":[{"embeddable":true,"href":"https:\/\/alabsport.pl\/blog\/wp-json\/wp\/v2\/users\/15"}],"replies":[{"embeddable":true,"href":"https:\/\/alabsport.pl\/blog\/wp-json\/wp\/v2\/comments?post=2942"}],"version-history":[{"count":8,"href":"https:\/\/alabsport.pl\/blog\/wp-json\/wp\/v2\/posts\/2942\/revisions"}],"predecessor-version":[{"id":3093,"href":"https:\/\/alabsport.pl\/blog\/wp-json\/wp\/v2\/posts\/2942\/revisions\/3093"}],"wp:featuredmedia":[{"embeddable":true,"href":"https:\/\/alabsport.pl\/blog\/wp-json\/wp\/v2\/media\/2881"}],"wp:attachment":[{"href":"https:\/\/alabsport.pl\/blog\/wp-json\/wp\/v2\/media?parent=2942"}],"wp:term":[{"taxonomy":"category","embeddable":true,"href":"https:\/\/alabsport.pl\/blog\/wp-json\/wp\/v2\/categories?post=2942"},{"taxonomy":"post_tag","embeddable":true,"href":"https:\/\/alabsport.pl\/blog\/wp-json\/wp\/v2\/tags?post=2942"}],"curies":[{"name":"wp","href":"https:\/\/api.w.org\/{rel}","templated":true}]}}